{"id":2151,"date":"2019-03-11T08:39:54","date_gmt":"2019-03-11T07:39:54","guid":{"rendered":"https:\/\/journalliteratur.blogs.ruhr-uni-bochum.de\/?p=2151"},"modified":"2019-03-11T09:12:58","modified_gmt":"2019-03-11T08:12:58","slug":"nachwuchskolloquium-das-gedruckte-bild-in-buechern-und-journalen","status":"publish","type":"post","link":"https:\/\/journalliteratur.blogs.ruhr-uni-bochum.de\/gb\/nachwuchskolloquium-das-gedruckte-bild-in-buechern-und-journalen\/","title":{"rendered":"Nachwuchskolloquium: Das gedruckte Bild in B\u00fcchern und Journalen"},"content":{"rendered":"\n<p>12. M\u00e4rz 2019, 13:00-18:15 Uhr | Philipps-Universit\u00e4t Marburg<\/p>\n\n\n\n<p>Vincent Fr\u00f6hlich (TP5) organisiert in Kooperation mit Sonja Fe\u00dfel vom Deutschen Dokumentationszentrum f\u00fcr Kunstgeschichte &#8211; Bildarchiv Foto Marburg (DDK) das zweisprachige Nachwuchskolloquium <strong>&#8220;Das gedruckte Bild in B\u00fcchern und Journalen \/ The Printed Image in Books and Journals&#8221;<\/strong>. <\/p>\n\n\n\n<div class=\"wp-block-image\"><figure class=\"alignleft\"><a href=\"https:\/\/journalliteratur.blogs.ruhr-uni-bochum.de\/wp-content\/uploads\/2019\/03\/Nachwuchskolloq3_Plakat_kl.jpg\"><img loading=\"lazy\" decoding=\"async\" width=\"212\" height=\"300\" src=\"https:\/\/journalliteratur.blogs.ruhr-uni-bochum.de\/wp-content\/uploads\/2019\/03\/Nachwuchskolloq3_Plakat_kl-212x300.jpg\" alt=\"\" class=\"wp-image-2150\" srcset=\"https:\/\/journalliteratur.blogs.ruhr-uni-bochum.de\/wp-content\/uploads\/2019\/03\/Nachwuchskolloq3_Plakat_kl-212x300.jpg 212w, https:\/\/journalliteratur.blogs.ruhr-uni-bochum.de\/wp-content\/uploads\/2019\/03\/Nachwuchskolloq3_Plakat_kl-768x1086.jpg 768w, https:\/\/journalliteratur.blogs.ruhr-uni-bochum.de\/wp-content\/uploads\/2019\/03\/Nachwuchskolloq3_Plakat_kl-724x1024.jpg 724w\" sizes=\"auto, (max-width: 212px) 100vw, 212px\" \/><\/a><\/figure><\/div>\n\n\n\n<p>Als Experte f\u00fcr die Erkennung fotomechanischer Reproduktionsverfahren konnte Johan de Zoete gewonnen werden. Paul Fyfe und Andr\u00e8s Mario Zervig\u00f3n werden als internationale G\u00e4ste der Veranstaltung beiwohnen. Neben einer Einf\u00fchrung in verschiedene Bildreproduktionsverfahren in Journalen und B\u00fcchern sollen in einer anschlie\u00dfenden Materialstunde einzelne Objekte aus dem Bildarchiv von Foto Marburg sowie den Korpora der Forschungsgruppe Journalliteratur analysiert werden.<\/p>\n\n\n\n<p>Veranstaltungsort: Philipps-Universit\u00e4t Marburg, Biegenstra\u00dfe 11, Seminarraum 00 014A <\/p>\n\n\n\n<p>Wenn Sie an der Veranstaltung teilnehmen m\u00f6chten, schreiben Sie bitte eine E-Mail an Sabine Wirth (Koordination): <a href=\"mailto:journale@staff.uni-marburg.de\">journale@staff.uni-marburg.de<\/a>.<\/p>\n","protected":false},"excerpt":{"rendered":"<p>12. M\u00e4rz 2019, 13:00-18:15 Uhr | Philipps-Universit\u00e4t Marburg Vincent Fr\u00f6hlich (TP5) organisiert in Kooperation mit Sonja Fe\u00dfel vom Deutschen Dokumentationszentrum f\u00fcr Kunstgeschichte &#8211; Bildarchiv<\/p>\n","protected":false},"author":17,"featured_media":2150,"comment_status":"open","ping_status":"open","sticky":false,"template":"","format":"standard","meta":{"footnotes":""},"categories":[5,6,16],"tags":[],"class_list":["post-2151","post","type-post","status-publish","format-standard","has-post-thumbnail","hentry","category-aktuelles","category-startseite","category-veranstaltungen"],"translation":{"provider":"WPGlobus","version":"3.0.2","language":"gb","enabled_languages":["de","gb"],"languages":{"de":{"title":true,"content":true,"excerpt":false},"gb":{"title":false,"content":false,"excerpt":false}}},"yoast_head":"<!-- This site is optimized with the Yoast SEO plugin v27.3 - https:\/\/yoast.com\/product\/yoast-seo-wordpress\/ -->\n<title>Nachwuchskolloquium: Das gedruckte Bild in B\u00fcchern und Journalen - Journalliteratur<\/title>\n<meta name=\"robots\" content=\"index, follow, max-snippet:-1, max-image-preview:large, max-video-preview:-1\" \/>\n<link rel=\"canonical\" href=\"https:\/\/journalliteratur.blogs.ruhr-uni-bochum.de\/nachwuchskolloquium-das-gedruckte-bild-in-buechern-und-journalen\/\" \/>\n<meta property=\"og:locale\" content=\"en_GB\" \/>\n<meta property=\"og:type\" content=\"article\" \/>\n<meta property=\"og:title\" content=\"Nachwuchskolloquium: Das gedruckte Bild in B\u00fcchern und Journalen - Journalliteratur\" \/>\n<meta property=\"og:url\" content=\"https:\/\/journalliteratur.blogs.ruhr-uni-bochum.de\/nachwuchskolloquium-das-gedruckte-bild-in-buechern-und-journalen\/\" \/>\n<meta property=\"og:site_name\" content=\"Journalliteratur\" \/>\n<meta property=\"article:published_time\" content=\"2019-03-11T07:39:54+00:00\" \/>\n<meta property=\"article:modified_time\" content=\"2019-03-11T08:12:58+00:00\" \/>\n<meta property=\"og:image\" content=\"https:\/\/journalliteratur.blogs.ruhr-uni-bochum.de\/wp-content\/uploads\/2019\/03\/Nachwuchskolloq3_Plakat_kl-724x1024.jpg\" \/>\n\t<meta property=\"og:image:width\" content=\"724\" \/>\n\t<meta property=\"og:image:height\" content=\"1024\" \/>\n\t<meta property=\"og:image:type\" content=\"image\/jpeg\" \/>\n<meta name=\"author\" content=\"Sabine Wirth\" \/>\n<meta name=\"twitter:card\" content=\"summary_large_image\" \/>\n<meta name=\"twitter:label1\" content=\"Written by\" \/>\n\t<meta name=\"twitter:data1\" content=\"Sabine Wirth\" \/>\n\t<meta name=\"twitter:label2\" content=\"Estimated reading time\" \/>\n\t<meta name=\"twitter:data2\" content=\"1 minute\" \/>\n<script type=\"application\/ld+json\" class=\"yoast-schema-graph\">{\"@context\":\"https:\\\/\\\/schema.org\",\"@graph\":[{\"@type\":\"Article\",\"@id\":\"https:\\\/\\\/journalliteratur.blogs.ruhr-uni-bochum.de\\\/nachwuchskolloquium-das-gedruckte-bild-in-buechern-und-journalen\\\/#article\",\"isPartOf\":{\"@id\":\"https:\\\/\\\/journalliteratur.blogs.ruhr-uni-bochum.de\\\/nachwuchskolloquium-das-gedruckte-bild-in-buechern-und-journalen\\\/\"},\"author\":{\"name\":\"Sabine Wirth\",\"@id\":\"https:\\\/\\\/journalliteratur.blogs.ruhr-uni-bochum.de\\\/gb\\\/#\\\/schema\\\/person\\\/c9ca42279b224bab260ed0fd0cf30816\"},\"headline\":\"Nachwuchskolloquium: Das gedruckte Bild in B\u00fcchern und Journalen\",\"datePublished\":\"2019-03-11T07:39:54+00:00\",\"dateModified\":\"2019-03-11T08:12:58+00:00\",\"mainEntityOfPage\":{\"@id\":\"https:\\\/\\\/journalliteratur.blogs.ruhr-uni-bochum.de\\\/nachwuchskolloquium-das-gedruckte-bild-in-buechern-und-journalen\\\/\"},\"wordCount\":149,\"commentCount\":0,\"publisher\":{\"@id\":\"https:\\\/\\\/journalliteratur.blogs.ruhr-uni-bochum.de\\\/gb\\\/#organization\"},\"image\":{\"@id\":\"https:\\\/\\\/journalliteratur.blogs.ruhr-uni-bochum.de\\\/nachwuchskolloquium-das-gedruckte-bild-in-buechern-und-journalen\\\/#primaryimage\"},\"thumbnailUrl\":\"https:\\\/\\\/journalliteratur.blogs.ruhr-uni-bochum.de\\\/wp-content\\\/uploads\\\/2019\\\/03\\\/Nachwuchskolloq3_Plakat_kl.jpg\",\"articleSection\":[\"Aktuelles\",\"Startseite\",\"Veranstaltungen\"],\"inLanguage\":\"en-GB\",\"potentialAction\":[{\"@type\":\"CommentAction\",\"name\":\"Comment\",\"target\":[\"https:\\\/\\\/journalliteratur.blogs.ruhr-uni-bochum.de\\\/nachwuchskolloquium-das-gedruckte-bild-in-buechern-und-journalen\\\/#respond\"]}]},{\"@type\":\"WebPage\",\"@id\":\"https:\\\/\\\/journalliteratur.blogs.ruhr-uni-bochum.de\\\/nachwuchskolloquium-das-gedruckte-bild-in-buechern-und-journalen\\\/\",\"url\":\"https:\\\/\\\/journalliteratur.blogs.ruhr-uni-bochum.de\\\/nachwuchskolloquium-das-gedruckte-bild-in-buechern-und-journalen\\\/\",\"name\":\"Nachwuchskolloquium: Das gedruckte Bild in B\u00fcchern und Journalen - Journalliteratur\",\"isPartOf\":{\"@id\":\"https:\\\/\\\/journalliteratur.blogs.ruhr-uni-bochum.de\\\/gb\\\/#website\"},\"primaryImageOfPage\":{\"@id\":\"https:\\\/\\\/journalliteratur.blogs.ruhr-uni-bochum.de\\\/nachwuchskolloquium-das-gedruckte-bild-in-buechern-und-journalen\\\/#primaryimage\"},\"image\":{\"@id\":\"https:\\\/\\\/journalliteratur.blogs.ruhr-uni-bochum.de\\\/nachwuchskolloquium-das-gedruckte-bild-in-buechern-und-journalen\\\/#primaryimage\"},\"thumbnailUrl\":\"https:\\\/\\\/journalliteratur.blogs.ruhr-uni-bochum.de\\\/wp-content\\\/uploads\\\/2019\\\/03\\\/Nachwuchskolloq3_Plakat_kl.jpg\",\"datePublished\":\"2019-03-11T07:39:54+00:00\",\"dateModified\":\"2019-03-11T08:12:58+00:00\",\"breadcrumb\":{\"@id\":\"https:\\\/\\\/journalliteratur.blogs.ruhr-uni-bochum.de\\\/nachwuchskolloquium-das-gedruckte-bild-in-buechern-und-journalen\\\/#breadcrumb\"},\"inLanguage\":\"en-GB\",\"potentialAction\":[{\"@type\":\"ReadAction\",\"target\":[\"https:\\\/\\\/journalliteratur.blogs.ruhr-uni-bochum.de\\\/nachwuchskolloquium-das-gedruckte-bild-in-buechern-und-journalen\\\/\"]}]},{\"@type\":\"ImageObject\",\"inLanguage\":\"en-GB\",\"@id\":\"https:\\\/\\\/journalliteratur.blogs.ruhr-uni-bochum.de\\\/nachwuchskolloquium-das-gedruckte-bild-in-buechern-und-journalen\\\/#primaryimage\",\"url\":\"https:\\\/\\\/journalliteratur.blogs.ruhr-uni-bochum.de\\\/wp-content\\\/uploads\\\/2019\\\/03\\\/Nachwuchskolloq3_Plakat_kl.jpg\",\"contentUrl\":\"https:\\\/\\\/journalliteratur.blogs.ruhr-uni-bochum.de\\\/wp-content\\\/uploads\\\/2019\\\/03\\\/Nachwuchskolloq3_Plakat_kl.jpg\",\"width\":4960,\"height\":7015},{\"@type\":\"BreadcrumbList\",\"@id\":\"https:\\\/\\\/journalliteratur.blogs.ruhr-uni-bochum.de\\\/nachwuchskolloquium-das-gedruckte-bild-in-buechern-und-journalen\\\/#breadcrumb\",\"itemListElement\":[{\"@type\":\"ListItem\",\"position\":1,\"name\":\"Startseite\",\"item\":\"https:\\\/\\\/journalliteratur.blogs.ruhr-uni-bochum.de\\\/gb\\\/\"},{\"@type\":\"ListItem\",\"position\":2,\"name\":\"Nachwuchskolloquium: Das gedruckte Bild in B\u00fcchern und Journalen\"}]},{\"@type\":\"WebSite\",\"@id\":\"https:\\\/\\\/journalliteratur.blogs.ruhr-uni-bochum.de\\\/gb\\\/#website\",\"url\":\"https:\\\/\\\/journalliteratur.blogs.ruhr-uni-bochum.de\\\/gb\\\/\",\"name\":\"Journalliteratur\",\"description\":\"Formatbedingungen, visuelles Design, Rezeptionskulturen\",\"publisher\":{\"@id\":\"https:\\\/\\\/journalliteratur.blogs.ruhr-uni-bochum.de\\\/gb\\\/#organization\"},\"potentialAction\":[{\"@type\":\"SearchAction\",\"target\":{\"@type\":\"EntryPoint\",\"urlTemplate\":\"https:\\\/\\\/journalliteratur.blogs.ruhr-uni-bochum.de\\\/gb\\\/?s={search_term_string}\"},\"query-input\":{\"@type\":\"PropertyValueSpecification\",\"valueRequired\":true,\"valueName\":\"search_term_string\"}}],\"inLanguage\":\"en-GB\"},{\"@type\":\"Organization\",\"@id\":\"https:\\\/\\\/journalliteratur.blogs.ruhr-uni-bochum.de\\\/gb\\\/#organization\",\"name\":\"DFG-Forschergruppe 2288: Journalliteratur\",\"url\":\"https:\\\/\\\/journalliteratur.blogs.ruhr-uni-bochum.de\\\/gb\\\/\",\"logo\":{\"@type\":\"ImageObject\",\"inLanguage\":\"en-GB\",\"@id\":\"https:\\\/\\\/journalliteratur.blogs.ruhr-uni-bochum.de\\\/gb\\\/#\\\/schema\\\/logo\\\/image\\\/\",\"url\":\"https:\\\/\\\/journalliteratur.blogs.ruhr-uni-bochum.de\\\/wp-content\\\/uploads\\\/2016\\\/08\\\/cropped-fg_journal_logo_blaetter_icon.png\",\"contentUrl\":\"https:\\\/\\\/journalliteratur.blogs.ruhr-uni-bochum.de\\\/wp-content\\\/uploads\\\/2016\\\/08\\\/cropped-fg_journal_logo_blaetter_icon.png\",\"width\":512,\"height\":512,\"caption\":\"DFG-Forschergruppe 2288: Journalliteratur\"},\"image\":{\"@id\":\"https:\\\/\\\/journalliteratur.blogs.ruhr-uni-bochum.de\\\/gb\\\/#\\\/schema\\\/logo\\\/image\\\/\"}},{\"@type\":\"Person\",\"@id\":\"https:\\\/\\\/journalliteratur.blogs.ruhr-uni-bochum.de\\\/gb\\\/#\\\/schema\\\/person\\\/c9ca42279b224bab260ed0fd0cf30816\",\"name\":\"Sabine Wirth\",\"image\":{\"@type\":\"ImageObject\",\"inLanguage\":\"en-GB\",\"@id\":\"https:\\\/\\\/secure.gravatar.com\\\/avatar\\\/9684ad5ef84abd1b2fede0fe64b9a6b43b5cb434969a7148953e0c22298e5285?s=96&d=mm&r=g\",\"url\":\"https:\\\/\\\/secure.gravatar.com\\\/avatar\\\/9684ad5ef84abd1b2fede0fe64b9a6b43b5cb434969a7148953e0c22298e5285?s=96&d=mm&r=g\",\"contentUrl\":\"https:\\\/\\\/secure.gravatar.com\\\/avatar\\\/9684ad5ef84abd1b2fede0fe64b9a6b43b5cb434969a7148953e0c22298e5285?s=96&d=mm&r=g\",\"caption\":\"Sabine Wirth\"},\"url\":\"https:\\\/\\\/journalliteratur.blogs.ruhr-uni-bochum.de\\\/gb\\\/author\\\/sw\\\/\"}]}<\/script>\n<!-- \/ Yoast SEO plugin. -->","yoast_head_json":{"title":"Nachwuchskolloquium: Das gedruckte Bild in B\u00fcchern und Journalen - Journalliteratur","robots":{"index":"index","follow":"follow","max-snippet":"max-snippet:-1","max-image-preview":"max-image-preview:large","max-video-preview":"max-video-preview:-1"},"canonical":"https:\/\/journalliteratur.blogs.ruhr-uni-bochum.de\/nachwuchskolloquium-das-gedruckte-bild-in-buechern-und-journalen\/","og_locale":"en_GB","og_type":"article","og_title":"Nachwuchskolloquium: Das gedruckte Bild in B\u00fcchern und Journalen - Journalliteratur","og_url":"https:\/\/journalliteratur.blogs.ruhr-uni-bochum.de\/nachwuchskolloquium-das-gedruckte-bild-in-buechern-und-journalen\/","og_site_name":"Journalliteratur","article_published_time":"2019-03-11T07:39:54+00:00","article_modified_time":"2019-03-11T08:12:58+00:00","og_image":[{"width":724,"height":1024,"url":"https:\/\/journalliteratur.blogs.ruhr-uni-bochum.de\/wp-content\/uploads\/2019\/03\/Nachwuchskolloq3_Plakat_kl-724x1024.jpg","type":"image\/jpeg"}],"author":"Sabine Wirth","twitter_card":"summary_large_image","twitter_misc":{"Written by":"Sabine Wirth","Estimated reading time":"1 minute"},"schema":{"@context":"https:\/\/schema.org","@graph":[{"@type":"Article","@id":"https:\/\/journalliteratur.blogs.ruhr-uni-bochum.de\/nachwuchskolloquium-das-gedruckte-bild-in-buechern-und-journalen\/#article","isPartOf":{"@id":"https:\/\/journalliteratur.blogs.ruhr-uni-bochum.de\/nachwuchskolloquium-das-gedruckte-bild-in-buechern-und-journalen\/"},"author":{"name":"Sabine Wirth","@id":"https:\/\/journalliteratur.blogs.ruhr-uni-bochum.de\/gb\/#\/schema\/person\/c9ca42279b224bab260ed0fd0cf30816"},"headline":"Nachwuchskolloquium: Das gedruckte Bild in B\u00fcchern und Journalen","datePublished":"2019-03-11T07:39:54+00:00","dateModified":"2019-03-11T08:12:58+00:00","mainEntityOfPage":{"@id":"https:\/\/journalliteratur.blogs.ruhr-uni-bochum.de\/nachwuchskolloquium-das-gedruckte-bild-in-buechern-und-journalen\/"},"wordCount":149,"commentCount":0,"publisher":{"@id":"https:\/\/journalliteratur.blogs.ruhr-uni-bochum.de\/gb\/#organization"},"image":{"@id":"https:\/\/journalliteratur.blogs.ruhr-uni-bochum.de\/nachwuchskolloquium-das-gedruckte-bild-in-buechern-und-journalen\/#primaryimage"},"thumbnailUrl":"https:\/\/journalliteratur.blogs.ruhr-uni-bochum.de\/wp-content\/uploads\/2019\/03\/Nachwuchskolloq3_Plakat_kl.jpg","articleSection":["Aktuelles","Startseite","Veranstaltungen"],"inLanguage":"en-GB","potentialAction":[{"@type":"CommentAction","name":"Comment","target":["https:\/\/journalliteratur.blogs.ruhr-uni-bochum.de\/nachwuchskolloquium-das-gedruckte-bild-in-buechern-und-journalen\/#respond"]}]},{"@type":"WebPage","@id":"https:\/\/journalliteratur.blogs.ruhr-uni-bochum.de\/nachwuchskolloquium-das-gedruckte-bild-in-buechern-und-journalen\/","url":"https:\/\/journalliteratur.blogs.ruhr-uni-bochum.de\/nachwuchskolloquium-das-gedruckte-bild-in-buechern-und-journalen\/","name":"Nachwuchskolloquium: Das gedruckte Bild in B\u00fcchern und Journalen - Journalliteratur","isPartOf":{"@id":"https:\/\/journalliteratur.blogs.ruhr-uni-bochum.de\/gb\/#website"},"primaryImageOfPage":{"@id":"https:\/\/journalliteratur.blogs.ruhr-uni-bochum.de\/nachwuchskolloquium-das-gedruckte-bild-in-buechern-und-journalen\/#primaryimage"},"image":{"@id":"https:\/\/journalliteratur.blogs.ruhr-uni-bochum.de\/nachwuchskolloquium-das-gedruckte-bild-in-buechern-und-journalen\/#primaryimage"},"thumbnailUrl":"https:\/\/journalliteratur.blogs.ruhr-uni-bochum.de\/wp-content\/uploads\/2019\/03\/Nachwuchskolloq3_Plakat_kl.jpg","datePublished":"2019-03-11T07:39:54+00:00","dateModified":"2019-03-11T08:12:58+00:00","breadcrumb":{"@id":"https:\/\/journalliteratur.blogs.ruhr-uni-bochum.de\/nachwuchskolloquium-das-gedruckte-bild-in-buechern-und-journalen\/#breadcrumb"},"inLanguage":"en-GB","potentialAction":[{"@type":"ReadAction","target":["https:\/\/journalliteratur.blogs.ruhr-uni-bochum.de\/nachwuchskolloquium-das-gedruckte-bild-in-buechern-und-journalen\/"]}]},{"@type":"ImageObject","inLanguage":"en-GB","@id":"https:\/\/journalliteratur.blogs.ruhr-uni-bochum.de\/nachwuchskolloquium-das-gedruckte-bild-in-buechern-und-journalen\/#primaryimage","url":"https:\/\/journalliteratur.blogs.ruhr-uni-bochum.de\/wp-content\/uploads\/2019\/03\/Nachwuchskolloq3_Plakat_kl.jpg","contentUrl":"https:\/\/journalliteratur.blogs.ruhr-uni-bochum.de\/wp-content\/uploads\/2019\/03\/Nachwuchskolloq3_Plakat_kl.jpg","width":4960,"height":7015},{"@type":"BreadcrumbList","@id":"https:\/\/journalliteratur.blogs.ruhr-uni-bochum.de\/nachwuchskolloquium-das-gedruckte-bild-in-buechern-und-journalen\/#breadcrumb","itemListElement":[{"@type":"ListItem","position":1,"name":"Startseite","item":"https:\/\/journalliteratur.blogs.ruhr-uni-bochum.de\/gb\/"},{"@type":"ListItem","position":2,"name":"Nachwuchskolloquium: Das gedruckte Bild in B\u00fcchern und Journalen"}]},{"@type":"WebSite","@id":"https:\/\/journalliteratur.blogs.ruhr-uni-bochum.de\/gb\/#website","url":"https:\/\/journalliteratur.blogs.ruhr-uni-bochum.de\/gb\/","name":"Journalliteratur","description":"Formatbedingungen, visuelles Design, Rezeptionskulturen","publisher":{"@id":"https:\/\/journalliteratur.blogs.ruhr-uni-bochum.de\/gb\/#organization"},"potentialAction":[{"@type":"SearchAction","target":{"@type":"EntryPoint","urlTemplate":"https:\/\/journalliteratur.blogs.ruhr-uni-bochum.de\/gb\/?s={search_term_string}"},"query-input":{"@type":"PropertyValueSpecification","valueRequired":true,"valueName":"search_term_string"}}],"inLanguage":"en-GB"},{"@type":"Organization","@id":"https:\/\/journalliteratur.blogs.ruhr-uni-bochum.de\/gb\/#organization","name":"DFG-Forschergruppe 2288: Journalliteratur","url":"https:\/\/journalliteratur.blogs.ruhr-uni-bochum.de\/gb\/","logo":{"@type":"ImageObject","inLanguage":"en-GB","@id":"https:\/\/journalliteratur.blogs.ruhr-uni-bochum.de\/gb\/#\/schema\/logo\/image\/","url":"https:\/\/journalliteratur.blogs.ruhr-uni-bochum.de\/wp-content\/uploads\/2016\/08\/cropped-fg_journal_logo_blaetter_icon.png","contentUrl":"https:\/\/journalliteratur.blogs.ruhr-uni-bochum.de\/wp-content\/uploads\/2016\/08\/cropped-fg_journal_logo_blaetter_icon.png","width":512,"height":512,"caption":"DFG-Forschergruppe 2288: Journalliteratur"},"image":{"@id":"https:\/\/journalliteratur.blogs.ruhr-uni-bochum.de\/gb\/#\/schema\/logo\/image\/"}},{"@type":"Person","@id":"https:\/\/journalliteratur.blogs.ruhr-uni-bochum.de\/gb\/#\/schema\/person\/c9ca42279b224bab260ed0fd0cf30816","name":"Sabine Wirth","image":{"@type":"ImageObject","inLanguage":"en-GB","@id":"https:\/\/secure.gravatar.com\/avatar\/9684ad5ef84abd1b2fede0fe64b9a6b43b5cb434969a7148953e0c22298e5285?s=96&d=mm&r=g","url":"https:\/\/secure.gravatar.com\/avatar\/9684ad5ef84abd1b2fede0fe64b9a6b43b5cb434969a7148953e0c22298e5285?s=96&d=mm&r=g","contentUrl":"https:\/\/secure.gravatar.com\/avatar\/9684ad5ef84abd1b2fede0fe64b9a6b43b5cb434969a7148953e0c22298e5285?s=96&d=mm&r=g","caption":"Sabine Wirth"},"url":"https:\/\/journalliteratur.blogs.ruhr-uni-bochum.de\/gb\/author\/sw\/"}]}},"_links":{"self":[{"href":"https:\/\/journalliteratur.blogs.ruhr-uni-bochum.de\/gb\/wp-json\/wp\/v2\/posts\/2151","targetHints":{"allow":["GET"]}}],"collection":[{"href":"https:\/\/journalliteratur.blogs.ruhr-uni-bochum.de\/gb\/wp-json\/wp\/v2\/posts"}],"about":[{"href":"https:\/\/journalliteratur.blogs.ruhr-uni-bochum.de\/gb\/wp-json\/wp\/v2\/types\/post"}],"author":[{"embeddable":true,"href":"https:\/\/journalliteratur.blogs.ruhr-uni-bochum.de\/gb\/wp-json\/wp\/v2\/users\/17"}],"replies":[{"embeddable":true,"href":"https:\/\/journalliteratur.blogs.ruhr-uni-bochum.de\/gb\/wp-json\/wp\/v2\/comments?post=2151"}],"version-history":[{"count":5,"href":"https:\/\/journalliteratur.blogs.ruhr-uni-bochum.de\/gb\/wp-json\/wp\/v2\/posts\/2151\/revisions"}],"predecessor-version":[{"id":2172,"href":"https:\/\/journalliteratur.blogs.ruhr-uni-bochum.de\/gb\/wp-json\/wp\/v2\/posts\/2151\/revisions\/2172"}],"wp:featuredmedia":[{"embeddable":true,"href":"https:\/\/journalliteratur.blogs.ruhr-uni-bochum.de\/gb\/wp-json\/wp\/v2\/media\/2150"}],"wp:attachment":[{"href":"https:\/\/journalliteratur.blogs.ruhr-uni-bochum.de\/gb\/wp-json\/wp\/v2\/media?parent=2151"}],"wp:term":[{"taxonomy":"category","embeddable":true,"href":"https:\/\/journalliteratur.blogs.ruhr-uni-bochum.de\/gb\/wp-json\/wp\/v2\/categories?post=2151"},{"taxonomy":"post_tag","embeddable":true,"href":"https:\/\/journalliteratur.blogs.ruhr-uni-bochum.de\/gb\/wp-json\/wp\/v2\/tags?post=2151"}],"curies":[{"name":"wp","href":"https:\/\/api.w.org\/{rel}","templated":true}]}}