{"id":1948,"date":"2018-10-26T15:23:14","date_gmt":"2018-10-26T13:23:14","guid":{"rendered":"https:\/\/journalliteratur.blogs.ruhr-uni-bochum.de\/?p=1948"},"modified":"2018-10-26T15:23:14","modified_gmt":"2018-10-26T13:23:14","slug":"neuerscheinung-die-eroberung-des-bildraums","status":"publish","type":"post","link":"https:\/\/journalliteratur.blogs.ruhr-uni-bochum.de\/gb\/neuerscheinung-die-eroberung-des-bildraums\/","title":{"rendered":"Neuerscheinung &#8211; &#8220;Die Eroberung des Bildraums&#8221;"},"content":{"rendered":"<p>Das neuste Buch aus den Reihen der Forschergruppe ist soeben im <a href=\"https:\/\/www.wehrhahn-verlag.de\/public\/index.php\">Wehrhahn Verlag<\/a> erschienen!<\/p>\n<p>Monika Schmitz-Emans:\u00a0<a href=\"https:\/\/www.wehrhahn-verlag.de\/public\/index.php?ID_Section=1&amp;ID_Product=1257\">Die Eroberung des Bildraums.\u00a0Lyonel Feiniger als Karikaturist und Comiczeichner<\/a>. Hannover 2018.<\/p>\n<p><a href=\"https:\/\/journalliteratur.blogs.ruhr-uni-bochum.de\/wp-content\/uploads\/2018\/10\/FOR_Einb\u00e4nde.jpg\"><img loading=\"lazy\" decoding=\"async\" class=\"wp-image-1956  alignleft\" src=\"https:\/\/journalliteratur.blogs.ruhr-uni-bochum.de\/wp-content\/uploads\/2018\/10\/FOR_Einb\u00e4nde.jpg\" alt=\"\" width=\"290\" height=\"435\" srcset=\"https:\/\/journalliteratur.blogs.ruhr-uni-bochum.de\/wp-content\/uploads\/2018\/10\/FOR_Einb\u00e4nde.jpg 707w, https:\/\/journalliteratur.blogs.ruhr-uni-bochum.de\/wp-content\/uploads\/2018\/10\/FOR_Einb\u00e4nde-200x300.jpg 200w, https:\/\/journalliteratur.blogs.ruhr-uni-bochum.de\/wp-content\/uploads\/2018\/10\/FOR_Einb\u00e4nde-684x1024.jpg 684w\" sizes=\"auto, (max-width: 290px) 100vw, 290px\" \/><\/a>Lyonel Feininger, l\u00e4ngst kanonisierter Repr\u00e4sentant der modernen Malerei im 20. Jahrhundert, beginnt seinen beruflichen Weg im ausgehenden 19. Jahrhundert als Zeichner satirisch-humoristischer Karikaturen f\u00fcr diverse Bl\u00e4tter. Dieser Weg vom Zeitungsb\u00fcro ins Bauhaus f\u00fchrt unter anderem \u00fcber den Comic, genauer: \u00fcber die aufwendige Sonntagsbeilage der US-amerikanischen Tageszeitung\u00a0<i>Chicago Tribune<\/i>, f\u00fcr die Feininger eine insgesamt eher kurze Zeit lang Comics zeichnet. So wie die Comiczeichner-Phase f\u00fcr Feiningers Werdegang aus mehreren Gr\u00fcnden signifikant ist, so kommt (aus komplement\u00e4rer Perspektive betrachtet) gerade seinen Zeitungscomics in der Geschichte des Comics insgesamt eine wichtige Rolle zu, auch wenn sie bei ihrem Erscheinen nicht den erwarteten Erfolg haben. Feiningers Comics stellen einen Schl\u00fcsselbeitrag in der Profilierungsgeschichte des Comics dar \u2013 einer Profilierung gegen\u00fcber den allerersten Comics, die im Umfeld der Massenpresse entstehen, aber auch gegen\u00fcber Karikaturen und humoristischen Bildergeschichten, wie sie seit dem ausgehenden 19. Jahrhundert zum Repertoire vieler Tageszeitungen und anderer Periodika geh\u00f6ren.<\/p>\n<p>Feiningers Comics entstehen im Zusammenhang einer stilistischen Entwicklung des Zeichners, zu denen besonders seine Zusammenarbeit mit unterschiedlichen Periodika beitr\u00e4gt. Verschiedene der Zeichnungen und Bildergeschichten aus der Karikaturistenzeit lassen sich zu seiner Arbeit in Beziehung setzen und f\u00fcgen sich in das Bild eines K\u00fcnstlers, der sich gelegentlich selbst im Bild darstellt: In einer dicht von Personen und \u203aVehikeln\u2039 angef\u00fcllten, engen turbulenten Welt sucht der K\u00fcnstler nach Raum f\u00fcr seine eigenen Bewegungen \u2013 und findet sie in Karikatur und Comic.<\/p>\n","protected":false},"excerpt":{"rendered":"<p>Das neuste Buch aus den Reihen der Forschergruppe ist soeben im Wehrhahn Verlag erschienen! Monika Schmitz-Emans:\u00a0Die Eroberung des Bildraums.\u00a0Lyonel Feiniger als Karikaturist und Comiczeichner.<\/p>\n","protected":false},"author":8,"featured_media":0,"comment_status":"open","ping_status":"open","sticky":false,"template":"","format":"standard","meta":{"footnotes":""},"categories":[1],"tags":[],"class_list":["post-1948","post","type-post","status-publish","format-standard","hentry","category-allgemein"],"translation":{"provider":"WPGlobus","version":"3.0.2","language":"gb","enabled_languages":["de","gb"],"languages":{"de":{"title":true,"content":true,"excerpt":false},"gb":{"title":false,"content":false,"excerpt":false}}},"yoast_head":"<!-- This site is optimized with the Yoast SEO plugin v27.3 - https:\/\/yoast.com\/product\/yoast-seo-wordpress\/ -->\n<title>Neuerscheinung - &quot;Die Eroberung des Bildraums&quot; - Journalliteratur<\/title>\n<meta name=\"robots\" content=\"index, follow, max-snippet:-1, max-image-preview:large, max-video-preview:-1\" \/>\n<link rel=\"canonical\" href=\"https:\/\/journalliteratur.blogs.ruhr-uni-bochum.de\/neuerscheinung-die-eroberung-des-bildraums\/\" \/>\n<meta property=\"og:locale\" content=\"en_GB\" \/>\n<meta property=\"og:type\" content=\"article\" \/>\n<meta property=\"og:title\" content=\"Neuerscheinung - &quot;Die Eroberung des Bildraums&quot; - Journalliteratur\" \/>\n<meta property=\"og:url\" content=\"https:\/\/journalliteratur.blogs.ruhr-uni-bochum.de\/neuerscheinung-die-eroberung-des-bildraums\/\" \/>\n<meta property=\"og:site_name\" content=\"Journalliteratur\" \/>\n<meta property=\"article:published_time\" content=\"2018-10-26T13:23:14+00:00\" \/>\n<meta name=\"author\" content=\"Nicolas Potysch\" \/>\n<meta name=\"twitter:card\" content=\"summary_large_image\" \/>\n<meta name=\"twitter:label1\" content=\"Written by\" \/>\n\t<meta name=\"twitter:data1\" content=\"Nicolas Potysch\" \/>\n\t<meta name=\"twitter:label2\" content=\"Estimated reading time\" \/>\n\t<meta name=\"twitter:data2\" content=\"1 minute\" \/>\n<script type=\"application\/ld+json\" class=\"yoast-schema-graph\">{\"@context\":\"https:\\\/\\\/schema.org\",\"@graph\":[{\"@type\":\"Article\",\"@id\":\"https:\\\/\\\/journalliteratur.blogs.ruhr-uni-bochum.de\\\/neuerscheinung-die-eroberung-des-bildraums\\\/#article\",\"isPartOf\":{\"@id\":\"https:\\\/\\\/journalliteratur.blogs.ruhr-uni-bochum.de\\\/neuerscheinung-die-eroberung-des-bildraums\\\/\"},\"author\":{\"name\":\"Nicolas Potysch\",\"@id\":\"https:\\\/\\\/journalliteratur.blogs.ruhr-uni-bochum.de\\\/gb\\\/#\\\/schema\\\/person\\\/f614dd4ae9726a0dd512a471b2889e6a\"},\"headline\":\"Neuerscheinung &#8211; &#8220;Die Eroberung des Bildraums&#8221;\",\"datePublished\":\"2018-10-26T13:23:14+00:00\",\"mainEntityOfPage\":{\"@id\":\"https:\\\/\\\/journalliteratur.blogs.ruhr-uni-bochum.de\\\/neuerscheinung-die-eroberung-des-bildraums\\\/\"},\"wordCount\":273,\"commentCount\":0,\"publisher\":{\"@id\":\"https:\\\/\\\/journalliteratur.blogs.ruhr-uni-bochum.de\\\/gb\\\/#organization\"},\"articleSection\":[\"Allgemein\"],\"inLanguage\":\"en-GB\",\"potentialAction\":[{\"@type\":\"CommentAction\",\"name\":\"Comment\",\"target\":[\"https:\\\/\\\/journalliteratur.blogs.ruhr-uni-bochum.de\\\/neuerscheinung-die-eroberung-des-bildraums\\\/#respond\"]}]},{\"@type\":\"WebPage\",\"@id\":\"https:\\\/\\\/journalliteratur.blogs.ruhr-uni-bochum.de\\\/neuerscheinung-die-eroberung-des-bildraums\\\/\",\"url\":\"https:\\\/\\\/journalliteratur.blogs.ruhr-uni-bochum.de\\\/neuerscheinung-die-eroberung-des-bildraums\\\/\",\"name\":\"Neuerscheinung - \\\"Die Eroberung des Bildraums\\\" - Journalliteratur\",\"isPartOf\":{\"@id\":\"https:\\\/\\\/journalliteratur.blogs.ruhr-uni-bochum.de\\\/gb\\\/#website\"},\"datePublished\":\"2018-10-26T13:23:14+00:00\",\"breadcrumb\":{\"@id\":\"https:\\\/\\\/journalliteratur.blogs.ruhr-uni-bochum.de\\\/neuerscheinung-die-eroberung-des-bildraums\\\/#breadcrumb\"},\"inLanguage\":\"en-GB\",\"potentialAction\":[{\"@type\":\"ReadAction\",\"target\":[\"https:\\\/\\\/journalliteratur.blogs.ruhr-uni-bochum.de\\\/neuerscheinung-die-eroberung-des-bildraums\\\/\"]}]},{\"@type\":\"BreadcrumbList\",\"@id\":\"https:\\\/\\\/journalliteratur.blogs.ruhr-uni-bochum.de\\\/neuerscheinung-die-eroberung-des-bildraums\\\/#breadcrumb\",\"itemListElement\":[{\"@type\":\"ListItem\",\"position\":1,\"name\":\"Startseite\",\"item\":\"https:\\\/\\\/journalliteratur.blogs.ruhr-uni-bochum.de\\\/gb\\\/\"},{\"@type\":\"ListItem\",\"position\":2,\"name\":\"Neuerscheinung &#8211; &#8222;Die Eroberung des Bildraums&#8220;\"}]},{\"@type\":\"WebSite\",\"@id\":\"https:\\\/\\\/journalliteratur.blogs.ruhr-uni-bochum.de\\\/gb\\\/#website\",\"url\":\"https:\\\/\\\/journalliteratur.blogs.ruhr-uni-bochum.de\\\/gb\\\/\",\"name\":\"Journalliteratur\",\"description\":\"Formatbedingungen, visuelles Design, Rezeptionskulturen\",\"publisher\":{\"@id\":\"https:\\\/\\\/journalliteratur.blogs.ruhr-uni-bochum.de\\\/gb\\\/#organization\"},\"potentialAction\":[{\"@type\":\"SearchAction\",\"target\":{\"@type\":\"EntryPoint\",\"urlTemplate\":\"https:\\\/\\\/journalliteratur.blogs.ruhr-uni-bochum.de\\\/gb\\\/?s={search_term_string}\"},\"query-input\":{\"@type\":\"PropertyValueSpecification\",\"valueRequired\":true,\"valueName\":\"search_term_string\"}}],\"inLanguage\":\"en-GB\"},{\"@type\":\"Organization\",\"@id\":\"https:\\\/\\\/journalliteratur.blogs.ruhr-uni-bochum.de\\\/gb\\\/#organization\",\"name\":\"DFG-Forschergruppe 2288: Journalliteratur\",\"url\":\"https:\\\/\\\/journalliteratur.blogs.ruhr-uni-bochum.de\\\/gb\\\/\",\"logo\":{\"@type\":\"ImageObject\",\"inLanguage\":\"en-GB\",\"@id\":\"https:\\\/\\\/journalliteratur.blogs.ruhr-uni-bochum.de\\\/gb\\\/#\\\/schema\\\/logo\\\/image\\\/\",\"url\":\"https:\\\/\\\/journalliteratur.blogs.ruhr-uni-bochum.de\\\/wp-content\\\/uploads\\\/2016\\\/08\\\/cropped-fg_journal_logo_blaetter_icon.png\",\"contentUrl\":\"https:\\\/\\\/journalliteratur.blogs.ruhr-uni-bochum.de\\\/wp-content\\\/uploads\\\/2016\\\/08\\\/cropped-fg_journal_logo_blaetter_icon.png\",\"width\":512,\"height\":512,\"caption\":\"DFG-Forschergruppe 2288: Journalliteratur\"},\"image\":{\"@id\":\"https:\\\/\\\/journalliteratur.blogs.ruhr-uni-bochum.de\\\/gb\\\/#\\\/schema\\\/logo\\\/image\\\/\"}},{\"@type\":\"Person\",\"@id\":\"https:\\\/\\\/journalliteratur.blogs.ruhr-uni-bochum.de\\\/gb\\\/#\\\/schema\\\/person\\\/f614dd4ae9726a0dd512a471b2889e6a\",\"name\":\"Nicolas Potysch\",\"image\":{\"@type\":\"ImageObject\",\"inLanguage\":\"en-GB\",\"@id\":\"https:\\\/\\\/secure.gravatar.com\\\/avatar\\\/ce91433b031781260ef5bdd5f63c9bb8e4580c562a1125227bd92354f034aa84?s=96&d=mm&r=g\",\"url\":\"https:\\\/\\\/secure.gravatar.com\\\/avatar\\\/ce91433b031781260ef5bdd5f63c9bb8e4580c562a1125227bd92354f034aa84?s=96&d=mm&r=g\",\"contentUrl\":\"https:\\\/\\\/secure.gravatar.com\\\/avatar\\\/ce91433b031781260ef5bdd5f63c9bb8e4580c562a1125227bd92354f034aa84?s=96&d=mm&r=g\",\"caption\":\"Nicolas Potysch\"},\"url\":\"https:\\\/\\\/journalliteratur.blogs.ruhr-uni-bochum.de\\\/gb\\\/author\\\/npo\\\/\"}]}<\/script>\n<!-- \/ Yoast SEO plugin. -->","yoast_head_json":{"title":"Neuerscheinung - \"Die Eroberung des Bildraums\" - Journalliteratur","robots":{"index":"index","follow":"follow","max-snippet":"max-snippet:-1","max-image-preview":"max-image-preview:large","max-video-preview":"max-video-preview:-1"},"canonical":"https:\/\/journalliteratur.blogs.ruhr-uni-bochum.de\/neuerscheinung-die-eroberung-des-bildraums\/","og_locale":"en_GB","og_type":"article","og_title":"Neuerscheinung - \"Die Eroberung des Bildraums\" - Journalliteratur","og_url":"https:\/\/journalliteratur.blogs.ruhr-uni-bochum.de\/neuerscheinung-die-eroberung-des-bildraums\/","og_site_name":"Journalliteratur","article_published_time":"2018-10-26T13:23:14+00:00","author":"Nicolas Potysch","twitter_card":"summary_large_image","twitter_misc":{"Written by":"Nicolas Potysch","Estimated reading time":"1 minute"},"schema":{"@context":"https:\/\/schema.org","@graph":[{"@type":"Article","@id":"https:\/\/journalliteratur.blogs.ruhr-uni-bochum.de\/neuerscheinung-die-eroberung-des-bildraums\/#article","isPartOf":{"@id":"https:\/\/journalliteratur.blogs.ruhr-uni-bochum.de\/neuerscheinung-die-eroberung-des-bildraums\/"},"author":{"name":"Nicolas Potysch","@id":"https:\/\/journalliteratur.blogs.ruhr-uni-bochum.de\/gb\/#\/schema\/person\/f614dd4ae9726a0dd512a471b2889e6a"},"headline":"Neuerscheinung &#8211; &#8220;Die Eroberung des Bildraums&#8221;","datePublished":"2018-10-26T13:23:14+00:00","mainEntityOfPage":{"@id":"https:\/\/journalliteratur.blogs.ruhr-uni-bochum.de\/neuerscheinung-die-eroberung-des-bildraums\/"},"wordCount":273,"commentCount":0,"publisher":{"@id":"https:\/\/journalliteratur.blogs.ruhr-uni-bochum.de\/gb\/#organization"},"articleSection":["Allgemein"],"inLanguage":"en-GB","potentialAction":[{"@type":"CommentAction","name":"Comment","target":["https:\/\/journalliteratur.blogs.ruhr-uni-bochum.de\/neuerscheinung-die-eroberung-des-bildraums\/#respond"]}]},{"@type":"WebPage","@id":"https:\/\/journalliteratur.blogs.ruhr-uni-bochum.de\/neuerscheinung-die-eroberung-des-bildraums\/","url":"https:\/\/journalliteratur.blogs.ruhr-uni-bochum.de\/neuerscheinung-die-eroberung-des-bildraums\/","name":"Neuerscheinung - \"Die Eroberung des Bildraums\" - Journalliteratur","isPartOf":{"@id":"https:\/\/journalliteratur.blogs.ruhr-uni-bochum.de\/gb\/#website"},"datePublished":"2018-10-26T13:23:14+00:00","breadcrumb":{"@id":"https:\/\/journalliteratur.blogs.ruhr-uni-bochum.de\/neuerscheinung-die-eroberung-des-bildraums\/#breadcrumb"},"inLanguage":"en-GB","potentialAction":[{"@type":"ReadAction","target":["https:\/\/journalliteratur.blogs.ruhr-uni-bochum.de\/neuerscheinung-die-eroberung-des-bildraums\/"]}]},{"@type":"BreadcrumbList","@id":"https:\/\/journalliteratur.blogs.ruhr-uni-bochum.de\/neuerscheinung-die-eroberung-des-bildraums\/#breadcrumb","itemListElement":[{"@type":"ListItem","position":1,"name":"Startseite","item":"https:\/\/journalliteratur.blogs.ruhr-uni-bochum.de\/gb\/"},{"@type":"ListItem","position":2,"name":"Neuerscheinung &#8211; &#8222;Die Eroberung des Bildraums&#8220;"}]},{"@type":"WebSite","@id":"https:\/\/journalliteratur.blogs.ruhr-uni-bochum.de\/gb\/#website","url":"https:\/\/journalliteratur.blogs.ruhr-uni-bochum.de\/gb\/","name":"Journalliteratur","description":"Formatbedingungen, visuelles Design, Rezeptionskulturen","publisher":{"@id":"https:\/\/journalliteratur.blogs.ruhr-uni-bochum.de\/gb\/#organization"},"potentialAction":[{"@type":"SearchAction","target":{"@type":"EntryPoint","urlTemplate":"https:\/\/journalliteratur.blogs.ruhr-uni-bochum.de\/gb\/?s={search_term_string}"},"query-input":{"@type":"PropertyValueSpecification","valueRequired":true,"valueName":"search_term_string"}}],"inLanguage":"en-GB"},{"@type":"Organization","@id":"https:\/\/journalliteratur.blogs.ruhr-uni-bochum.de\/gb\/#organization","name":"DFG-Forschergruppe 2288: Journalliteratur","url":"https:\/\/journalliteratur.blogs.ruhr-uni-bochum.de\/gb\/","logo":{"@type":"ImageObject","inLanguage":"en-GB","@id":"https:\/\/journalliteratur.blogs.ruhr-uni-bochum.de\/gb\/#\/schema\/logo\/image\/","url":"https:\/\/journalliteratur.blogs.ruhr-uni-bochum.de\/wp-content\/uploads\/2016\/08\/cropped-fg_journal_logo_blaetter_icon.png","contentUrl":"https:\/\/journalliteratur.blogs.ruhr-uni-bochum.de\/wp-content\/uploads\/2016\/08\/cropped-fg_journal_logo_blaetter_icon.png","width":512,"height":512,"caption":"DFG-Forschergruppe 2288: Journalliteratur"},"image":{"@id":"https:\/\/journalliteratur.blogs.ruhr-uni-bochum.de\/gb\/#\/schema\/logo\/image\/"}},{"@type":"Person","@id":"https:\/\/journalliteratur.blogs.ruhr-uni-bochum.de\/gb\/#\/schema\/person\/f614dd4ae9726a0dd512a471b2889e6a","name":"Nicolas Potysch","image":{"@type":"ImageObject","inLanguage":"en-GB","@id":"https:\/\/secure.gravatar.com\/avatar\/ce91433b031781260ef5bdd5f63c9bb8e4580c562a1125227bd92354f034aa84?s=96&d=mm&r=g","url":"https:\/\/secure.gravatar.com\/avatar\/ce91433b031781260ef5bdd5f63c9bb8e4580c562a1125227bd92354f034aa84?s=96&d=mm&r=g","contentUrl":"https:\/\/secure.gravatar.com\/avatar\/ce91433b031781260ef5bdd5f63c9bb8e4580c562a1125227bd92354f034aa84?s=96&d=mm&r=g","caption":"Nicolas Potysch"},"url":"https:\/\/journalliteratur.blogs.ruhr-uni-bochum.de\/gb\/author\/npo\/"}]}},"_links":{"self":[{"href":"https:\/\/journalliteratur.blogs.ruhr-uni-bochum.de\/gb\/wp-json\/wp\/v2\/posts\/1948","targetHints":{"allow":["GET"]}}],"collection":[{"href":"https:\/\/journalliteratur.blogs.ruhr-uni-bochum.de\/gb\/wp-json\/wp\/v2\/posts"}],"about":[{"href":"https:\/\/journalliteratur.blogs.ruhr-uni-bochum.de\/gb\/wp-json\/wp\/v2\/types\/post"}],"author":[{"embeddable":true,"href":"https:\/\/journalliteratur.blogs.ruhr-uni-bochum.de\/gb\/wp-json\/wp\/v2\/users\/8"}],"replies":[{"embeddable":true,"href":"https:\/\/journalliteratur.blogs.ruhr-uni-bochum.de\/gb\/wp-json\/wp\/v2\/comments?post=1948"}],"version-history":[{"count":8,"href":"https:\/\/journalliteratur.blogs.ruhr-uni-bochum.de\/gb\/wp-json\/wp\/v2\/posts\/1948\/revisions"}],"predecessor-version":[{"id":2312,"href":"https:\/\/journalliteratur.blogs.ruhr-uni-bochum.de\/gb\/wp-json\/wp\/v2\/posts\/1948\/revisions\/2312"}],"wp:attachment":[{"href":"https:\/\/journalliteratur.blogs.ruhr-uni-bochum.de\/gb\/wp-json\/wp\/v2\/media?parent=1948"}],"wp:term":[{"taxonomy":"category","embeddable":true,"href":"https:\/\/journalliteratur.blogs.ruhr-uni-bochum.de\/gb\/wp-json\/wp\/v2\/categories?post=1948"},{"taxonomy":"post_tag","embeddable":true,"href":"https:\/\/journalliteratur.blogs.ruhr-uni-bochum.de\/gb\/wp-json\/wp\/v2\/tags?post=1948"}],"curies":[{"name":"wp","href":"https:\/\/api.w.org\/{rel}","templated":true}]}}